{"id":3542,"date":"2020-07-24T10:07:55","date_gmt":"2020-07-24T14:07:55","guid":{"rendered":"https:\/\/www.sjpack.com\/?p=3542"},"modified":"2021-01-06T07:31:27","modified_gmt":"2021-01-06T12:31:27","slug":"emballage-st-jean-simplante-en-europe-et-au-mexique","status":"publish","type":"post","link":"https:\/\/www.sjpack.com\/fr\/emballage-st-jean-simplante-en-europe-et-au-mexique\/","title":{"rendered":"Emballage St-Jean s\u2019implante en Europe et au Mexique"},"content":{"rendered":"<h1>Emballage St-Jean s\u2019implante en Europe et au Mexique<\/h1>\n<header class=\"entry-header\">\n<div class=\"row entry-meta d-flex align-items-center\">\n<div class=\"col-12 col-sm\"><span class=\"posted-on\">Le 24 juillet 2020<\/span>\u00a0<span class=\"published-date d-inline-block m-0\"><em>\u2014 Modifi\u00e9 \u00e0 10 h 15 min le 23 juillet 2020<\/em><\/span><\/div>\n<div class=\"col-auto\"><span class=\"read-time m-0\">Temps de lecture : 4 min 30 s<\/span><\/div>\n<\/div>\n<\/header>\n<div class=\"bloc-auteur row w-100 bg-white align-items-center justify-content-end no-gutters mt-2 mt-sm-4 mb-4\">\n<div class=\"col p-lg-3 p-0\">\n<h6 class=\"my-0 px-3 py-2\"><strong>Par St\u00e9phanie MacFarlane<\/strong><\/h6>\n<p><a href=\"https:\/\/www.canadafrancais.com\/2020\/07\/24\/emballage-st-jean-simplante-en-europe-et-au-mexique\/\" target=\"_blank\" rel=\"noopener noreferrer\">https:\/\/www.canadafrancais.com\/2020\/07\/24\/emballage-st-jean-simplante-en-europe-et-au-mexique\/\u00a0<\/a><\/p>\n<\/div>\n<\/div>\n<div class=\"photo-principale mb-4\">\n<figure><img src=\"https:\/\/www.canadafrancais.com\/wp-content\/uploads\/sites\/11\/2020\/07\/20200704-06-LAU-1600x1068.jpg\" alt=\"Emballage St-Jean s\u2019implante en Europe et au Mexique\" data-action=\"zoom\" data-original=\"https:\/\/www.canadafrancais.com\/wp-content\/uploads\/sites\/11\/2020\/07\/20200704-06-LAU-scaled.jpg\" \/><\/figure>\n<p>Le si\u00e8ge social d&rsquo;Emballage St-Jean est situ\u00e9 sur la rue Moreau \u00e0 Saint-Jean-sur-Richelieu.\u00a0<em>(Photo : Le Canada Fran\u00e7ais &#8211; Laurianne Gervais Courchesne)<\/em><\/div>\n<div>\u00a0<\/div>\n<div class=\"entry-content clearfix\">\n<p><strong>Emballage St-Jean, qui se sp\u00e9cialise dans la production d\u2019emballages flexibles pour les produits alimentaires et d\u2019hygi\u00e8ne personnelle, poursuit sa croissance. L\u2019entreprise johannaise vient de mettre un premier pied en Europe gr\u00e2ce \u00e0 l\u2019acquisition d\u2019une usine au Royaume-Uni et d\u00e9marrera aussi sous peu une nouvelle production au Mexique.<\/strong><\/p>\n<p>Emballage St-Jean a r\u00e9cemment acquis les activit\u00e9s d\u2019emballage de boulangerie d\u2019Amcor Flexibles UK \u00e0 Ilkeston. Cette usine est situ\u00e9e dans le comt\u00e9 de Derbyshire, \u00e0 environ 200 kilom\u00e8tres au nord-ouest de Londres. L\u2019endroit est sp\u00e9cialis\u00e9 dans l\u2019impression et la fabrication de sacs sur broches pour le march\u00e9 de la boulangerie.<\/p>\n<div id=\"fsk_splitbox_3925_onscreen\" class=\"fsk_splitbox_3925_onscreen\">\n<p id=\"fsk_splitbox_3925\" class=\"  fsk_splitbox_3925\">Mathieu Jeanneau, vice-pr\u00e9sident et chef de l\u2019exploitation chez Emballage St-Jean, explique, en entrevue t\u00e9l\u00e9phonique avec <em>Le Canada Fran\u00e7ais<\/em>, qu\u2019Amcor est la plus grande entreprise de leur secteur d\u2019activit\u00e9 au monde. \u00ab Elle a environ 250 usines \u00e0 l\u2019international. On s\u2019est entendu avec elle pour acqu\u00e9rir l\u2019usine d\u2019Ilkeston et y reprendre toutes ses activit\u00e9s qui sont associ\u00e9es \u00e0 l\u2019emballage des produits de boulangerie pour le march\u00e9 du Royaume-Uni \u00bb, souligne M. Jeanneau. Ce dernier indique qu\u2019en ce qui concerne la superficie, l\u2019usine d\u2019Ilkeston est semblable \u00e0 celle qu\u2019Emballage St-Jean d\u00e9tient sur la rue Moreau, dans le secteur Saint-Luc. L\u2019usine d\u2019Ilkeston s\u2019appelle dor\u00e9navant St. Johns Packaging (UK).<\/p>\n<div>\u00a0<\/div>\n<\/div>\n<p><strong>2e plus grand march\u00e9<\/strong><\/p>\n<figure id=\"attachment_63558\" class=\"wp-caption alignleft\" aria-describedby=\"caption-attachment-63558\"><img loading=\"lazy\" class=\"size-medium wp-image-63558\" src=\"https:\/\/www.canadafrancais.com\/wp-content\/uploads\/sites\/11\/2020\/07\/Emballage23-A-444x300.jpg\" sizes=\"(max-width: 444px) 100vw, 444px\" srcset=\"https:\/\/www.canadafrancais.com\/wp-content\/uploads\/sites\/11\/2020\/07\/Emballage23-A-444x300.jpg 444w, https:\/\/www.canadafrancais.com\/wp-content\/uploads\/sites\/11\/2020\/07\/Emballage23-A-170x115.jpg 170w\" alt=\"\" width=\"444\" height=\"300\" \/><figcaption id=\"caption-attachment-63558\" class=\"wp-caption-text\">Emballage St-Jean vient d\u2019acqu\u00e9rir cette usine situ\u00e9e \u00e0 Ilkeston au Royaume-Uni. Celle-ci deviendra St. Johns Packaging ( UK).<\/figcaption><\/figure>\n<p>En s\u2019implantant au Royaume-Uni, Emballage St-Jean fait une incursion dans le deuxi\u00e8me march\u00e9 mondial du sac \u00e0 pain. Le premier en importance se trouve aux \u00c9tats-Unis. Mathieu Jeanneau rappelle qu\u2019historiquement et culturellement, la consommation de pain tranch\u00e9 a toujours \u00e9t\u00e9 importante au Royaume-Uni.<\/p>\n<p>\u00ab \u00c7a fait plusieurs ann\u00e9es qu\u2019on observe ce march\u00e9 et qu\u2019on regarde diff\u00e9rentes options pour pouvoir le percer \u00bb, ajoute Mathieu Jeanneau. \u00ab Actuellement, le march\u00e9 des produits de boulangerie qu\u2019avait Amcor est presque exclusivement au Royaume-Uni. Pour nous, c\u2019est un premier pas en Europe. Notre intention est de consolider, puis de faire cro\u00eetre nos parts de march\u00e9 au Royaume-Uni. Par la suite, on souhaite \u00e9tendre nos parts de march\u00e9 \u00e0 d\u2019autres pays dans l\u2019Union europ\u00e9enne \u00bb, encha\u00eene M. Jeanneau.<\/p>\n<p>Les quelque 80 employ\u00e9s qui travaillent \u00e0 l\u2019usine d\u2019Ilkeston se joignent \u00e0 l\u2019\u00e9quipe d\u2019Emballage St-Jean. Cette derni\u00e8re compte maintenant 825 employ\u00e9s r\u00e9partis dans huit usines. Outre celle d\u2019Ilkeston, Emballage St-Jean d\u00e9tient une adresse \u00e0 Montr\u00e9al, \u00e0 Greensboro (\u00c9tats-Unis), Kunshan (Chine), Binh Duong (Vietnam) et Ho Chi Minh City (Vietnam). \u00c0 Saint-Jean-sur-Richelieu, l\u2019entreprise est \u00e9tablie sur les rues Saint-Michel et Moreau. Ce dernier emplacement abrite aussi son si\u00e8ge social.<\/p>\n<div id=\"fsk-splitbox\">\u00a0<\/div>\n<p><strong>Mexique<\/strong><\/p>\n<p>Emballage St-Jean d\u00e9marre \u00e9galement de nouvelles op\u00e9rations dans un b\u00e2timent industriel lou\u00e9 \u00e0 Le\u00f3n, au Mexique. Cette ville, situ\u00e9e dans l\u2019\u00c9tat de Guanajuato, se trouve \u00e0 environ 400 kilom\u00e8tres au nord-ouest de Mexico. L\u2019entreprise souhaite acc\u00e9l\u00e9rer sa croissance dans le sud-ouest des \u00c9tats-Unis, principalement au Texas et en Californie, dans le march\u00e9 local du sac \u00e0 pain, explique Mathieu Jeanneau. L\u2019usine mexicaine d\u2019environ 21 500 pieds carr\u00e9s amorcera ses activit\u00e9s d\u2019ici la fin du mois de juillet. \u00ab Actuellement, on a une dizaine d\u2019employ\u00e9s l\u00e0-bas. On pr\u00e9voit avoir une vingtaine d\u2019employ\u00e9s d\u2019ici la fin de l\u2019ann\u00e9e. Par la suite, il y aura une croissance graduelle des effectifs en fonction de la croissance de nos op\u00e9rations \u00bb, encha\u00eene M. Jeanneau.<\/p>\n<p>Ce dernier pr\u00e9cise qu\u2019Emballage St-Jean a toujours eu pour strat\u00e9gie de fournir sa client\u00e8le \u00e0 partir de plusieurs usines. \u00ab C\u2019est une fa\u00e7on de pouvoir mieux desservir nos clients et de mieux g\u00e9rer les risques \u00bb, indique Mathieu Jeanneau, en citant la COVID-19 en exemple.<\/p>\n<p>Il mentionne qu\u2019il n\u2019est pas question de r\u00e9duire les activit\u00e9s dans les autres sites de l\u2019entreprise. \u00ab Notre objectif est de pouvoir augmenter nos parts de march\u00e9 \u00bb, poursuit le vice-pr\u00e9sident d\u2019Emballage St-Jean.<\/p>\n<p><strong>Leader du sac \u00e0 pain<\/strong><\/p>\n<p>L\u2019entreprise estime qu\u2019actuellement les sacs \u00e0 pain repr\u00e9sentent plus de 80 % de ses ventes. \u00ab On est toujours \u00e0 la recherche de nouvelles opportunit\u00e9s pour cro\u00eetre et faire en sorte de pouvoir \u00eatre les leaders au niveau du sac \u00e0 pain. C\u2019est notre vision \u00bb, note M. Jeanneau.<\/p>\n<p>En ce sens, Emballage St-Jean a ouvert un bureau de ventes \u00e0 Melbourne en Australie afin de mieux desservir ce pays et la Nouvelle-Z\u00e9lande. \u00ab C\u2019est un autre des march\u00e9s o\u00f9 le pain tranch\u00e9 fait partie des habitudes de consommation de la population. On est en acc\u00e9l\u00e9ration dans cette partie du monde pour gagner des parts de march\u00e9 \u00bb, conclut Mathieu Jeanneau.<\/p>\n<p>Emballage St-Jean poursuit son expansion. Cette entreprise sp\u00e9cialis\u00e9e dans la production d\u2019emballages flexibles pour les produits alimentaires et d\u2019hygi\u00e8ne personnelle vient de mettre un pied en Europe gr\u00e2ce \u00e0 l\u2019acquisition d\u2019une usine au Royaume-Uni. Elle d\u00e9marrera aussi sous peu de nouvelles op\u00e9rations dans un b\u00e2timent industriel lou\u00e9 au Mexique. Emballage St-Jean souhaite acc\u00e9l\u00e9rer sa croissance dans le sud-ouest des \u00c9tats-Unis, principalement au Texas et en Californie.<\/p>\n<\/div>\n","protected":false},"excerpt":{"rendered":"<p>L\u2019entreprise vient de mettre un premier pied en Europe et au Mexique.<\/p>\n","protected":false},"author":5,"featured_media":3552,"comment_status":"closed","ping_status":"closed","sticky":false,"template":"","format":"standard","meta":[],"categories":[1],"tags":[],"yoast_head":"<!-- This site is optimized with the Yoast SEO plugin v15.2.1 - https:\/\/yoast.com\/wordpress\/plugins\/seo\/ -->\n<meta name=\"robots\" content=\"index, follow, max-snippet:-1, max-image-preview:large, max-video-preview:-1\" \/>\n<link rel=\"canonical\" href=\"https:\/\/www.sjpack.com\/fr\/emballage-st-jean-simplante-en-europe-et-au-mexique\/\" \/>\n<meta property=\"og:locale\" content=\"fr_CA\" \/>\n<meta property=\"og:type\" content=\"article\" \/>\n<meta property=\"og:title\" content=\"Emballage St-Jean s\u2019implante en Europe et au Mexique - Emballage St-Jean\" \/>\n<meta property=\"og:description\" content=\"L\u2019entreprise vient de mettre un premier pied en Europe et au Mexique.\" \/>\n<meta property=\"og:url\" content=\"https:\/\/www.sjpack.com\/fr\/emballage-st-jean-simplante-en-europe-et-au-mexique\/\" \/>\n<meta property=\"og:site_name\" content=\"Emballage St-Jean\" \/>\n<meta property=\"article:published_time\" content=\"2020-07-24T14:07:55+00:00\" \/>\n<meta property=\"article:modified_time\" content=\"2021-01-06T12:31:27+00:00\" \/>\n<meta property=\"og:image\" content=\"https:\/\/www.sjpack.com\/wp-content\/uploads\/2020\/07\/News-Jul-2020.jpg\" \/>\n\t<meta property=\"og:image:width\" content=\"1128\" \/>\n\t<meta property=\"og:image:height\" content=\"755\" \/>\n<meta property=\"fb:app_id\" content=\"611750349471594\" \/>\n<meta name=\"twitter:label1\" content=\"Written by\">\n\t<meta name=\"twitter:data1\" content=\"Genevieve Remillard\">\n\t<meta name=\"twitter:label2\" content=\"Est. reading time\">\n\t<meta name=\"twitter:data2\" content=\"4 minutes\">\n<script type=\"application\/ld+json\" class=\"yoast-schema-graph\">{\"@context\":\"https:\/\/schema.org\",\"@graph\":[{\"@type\":\"WebSite\",\"@id\":\"https:\/\/www.sjpack.com\/#website\",\"url\":\"https:\/\/www.sjpack.com\/\",\"name\":\"Emballage St-Jean\",\"description\":\"\",\"potentialAction\":[{\"@type\":\"SearchAction\",\"target\":\"https:\/\/www.sjpack.com\/?s={search_term_string}\",\"query-input\":\"required name=search_term_string\"}],\"inLanguage\":\"fr-CA\"},{\"@type\":\"ImageObject\",\"@id\":\"https:\/\/www.sjpack.com\/fr\/emballage-st-jean-simplante-en-europe-et-au-mexique\/#primaryimage\",\"inLanguage\":\"fr-CA\",\"url\":\"https:\/\/www.sjpack.com\/wp-content\/uploads\/2020\/07\/News-Jul-2020.jpg\",\"width\":1128,\"height\":755},{\"@type\":\"WebPage\",\"@id\":\"https:\/\/www.sjpack.com\/fr\/emballage-st-jean-simplante-en-europe-et-au-mexique\/#webpage\",\"url\":\"https:\/\/www.sjpack.com\/fr\/emballage-st-jean-simplante-en-europe-et-au-mexique\/\",\"name\":\"Emballage St-Jean s\\u2019implante en Europe et au Mexique - Emballage St-Jean\",\"isPartOf\":{\"@id\":\"https:\/\/www.sjpack.com\/#website\"},\"primaryImageOfPage\":{\"@id\":\"https:\/\/www.sjpack.com\/fr\/emballage-st-jean-simplante-en-europe-et-au-mexique\/#primaryimage\"},\"datePublished\":\"2020-07-24T14:07:55+00:00\",\"dateModified\":\"2021-01-06T12:31:27+00:00\",\"author\":{\"@id\":\"https:\/\/www.sjpack.com\/#\/schema\/person\/004dd2ffd0c299deeaed9e6a49bc050d\"},\"inLanguage\":\"fr-CA\",\"potentialAction\":[{\"@type\":\"ReadAction\",\"target\":[\"https:\/\/www.sjpack.com\/fr\/emballage-st-jean-simplante-en-europe-et-au-mexique\/\"]}]},{\"@type\":\"Person\",\"@id\":\"https:\/\/www.sjpack.com\/#\/schema\/person\/004dd2ffd0c299deeaed9e6a49bc050d\",\"name\":\"Genevieve Remillard\",\"image\":{\"@type\":\"ImageObject\",\"@id\":\"https:\/\/www.sjpack.com\/#personlogo\",\"inLanguage\":\"fr-CA\",\"url\":\"https:\/\/secure.gravatar.com\/avatar\/7d0502d7cd8c7326427429652c350440?s=96&d=mm&r=g\",\"caption\":\"Genevieve Remillard\"}}]}<\/script>\n<!-- \/ Yoast SEO plugin. -->","_links":{"self":[{"href":"https:\/\/www.sjpack.com\/fr\/wp-json\/wp\/v2\/posts\/3542\/"}],"collection":[{"href":"https:\/\/www.sjpack.com\/fr\/wp-json\/wp\/v2\/posts\/"}],"about":[{"href":"https:\/\/www.sjpack.com\/fr\/wp-json\/wp\/v2\/types\/post\/"}],"author":[{"embeddable":true,"href":"https:\/\/www.sjpack.com\/fr\/wp-json\/wp\/v2\/users\/5\/"}],"replies":[{"embeddable":true,"href":"https:\/\/www.sjpack.com\/fr\/wp-json\/wp\/v2\/comments\/?post=3542"}],"version-history":[{"count":3,"href":"https:\/\/www.sjpack.com\/fr\/wp-json\/wp\/v2\/posts\/3542\/revisions\/"}],"predecessor-version":[{"id":4275,"href":"https:\/\/www.sjpack.com\/fr\/wp-json\/wp\/v2\/posts\/3542\/revisions\/4275\/"}],"wp:featuredmedia":[{"embeddable":true,"href":"https:\/\/www.sjpack.com\/fr\/wp-json\/wp\/v2\/media\/3552\/"}],"wp:attachment":[{"href":"https:\/\/www.sjpack.com\/fr\/wp-json\/wp\/v2\/media\/?parent=3542"}],"wp:term":[{"taxonomy":"category","embeddable":true,"href":"https:\/\/www.sjpack.com\/fr\/wp-json\/wp\/v2\/categories\/?post=3542"},{"taxonomy":"post_tag","embeddable":true,"href":"https:\/\/www.sjpack.com\/fr\/wp-json\/wp\/v2\/tags\/?post=3542"}],"curies":[{"name":"wp","href":"https:\/\/api.w.org\/{rel}","templated":true}]}}