{"id":3048,"date":"2020-06-11T15:52:07","date_gmt":"2020-06-11T19:52:07","guid":{"rendered":"https:\/\/www.sjpack.com\/?p=3048"},"modified":"2020-06-11T15:52:36","modified_gmt":"2020-06-11T19:52:36","slug":"les-employes-mis-au-defi","status":"publish","type":"post","link":"https:\/\/www.sjpack.com\/fr\/les-employes-mis-au-defi\/","title":{"rendered":"Les employ\u00e9s mis au d\u00e9fi!"},"content":{"rendered":"<p>Apr\u00e8s avoir \u00e9t\u00e9 commanditaire du D\u00e9fi Km de la Fondation Sant\u00e9 du Haut-Richelieu, nous avons \u00e9t\u00e9 inspir\u00e9s pour cr\u00e9er notre propre D\u00e9fi Km Emballage St-Jean! Des membres du comit\u00e9 sant\u00e9 et mieux-\u00eatre ont parcouru la distance entre le si\u00e8ge social et notre usine du 350, rue St-Michel le 21 mai dernier afin de lancer le projet. Bien entendu, le tout s&rsquo;est fait dans le respect des r\u00e8gles de distanciation sociale!<\/p>\n<p>&nbsp;<\/p>\n","protected":false},"excerpt":{"rendered":"<p>Nous avons \u00e9t\u00e9 inspir\u00e9s pour cr\u00e9er notre propre D\u00e9fi Km Emballage St-Jean! <\/p>\n","protected":false},"author":5,"featured_media":3049,"comment_status":"closed","ping_status":"closed","sticky":false,"template":"","format":"standard","meta":[],"categories":[29],"tags":[],"yoast_head":"<!-- This site is optimized with the Yoast SEO plugin v15.2.1 - https:\/\/yoast.com\/wordpress\/plugins\/seo\/ -->\n<meta name=\"robots\" content=\"index, follow, max-snippet:-1, max-image-preview:large, max-video-preview:-1\" \/>\n<link rel=\"canonical\" href=\"https:\/\/www.sjpack.com\/fr\/les-employes-mis-au-defi\/\" \/>\n<meta property=\"og:locale\" content=\"fr_CA\" \/>\n<meta property=\"og:type\" content=\"article\" \/>\n<meta property=\"og:title\" content=\"Les employ\u00e9s mis au d\u00e9fi! - Emballage St-Jean\" \/>\n<meta property=\"og:description\" content=\"Nous avons \u00e9t\u00e9 inspir\u00e9s pour cr\u00e9er notre propre D\u00e9fi Km Emballage St-Jean!\" \/>\n<meta property=\"og:url\" content=\"https:\/\/www.sjpack.com\/fr\/les-employes-mis-au-defi\/\" \/>\n<meta property=\"og:site_name\" content=\"Emballage St-Jean\" \/>\n<meta property=\"article:published_time\" content=\"2020-06-11T19:52:07+00:00\" \/>\n<meta property=\"article:modified_time\" content=\"2020-06-11T19:52:36+00:00\" \/>\n<meta property=\"og:image\" content=\"https:\/\/www.sjpack.com\/wp-content\/uploads\/2020\/06\/IMG_20200521_160900-scaled.jpg\" \/>\n\t<meta property=\"og:image:width\" content=\"2560\" \/>\n\t<meta property=\"og:image:height\" content=\"1300\" \/>\n<meta property=\"fb:app_id\" content=\"611750349471594\" \/>\n<meta name=\"twitter:label1\" content=\"Written by\">\n\t<meta name=\"twitter:data1\" content=\"Genevieve Remillard\">\n\t<meta name=\"twitter:label2\" content=\"Est. reading time\">\n\t<meta name=\"twitter:data2\" content=\"0 minute\">\n<script type=\"application\/ld+json\" class=\"yoast-schema-graph\">{\"@context\":\"https:\/\/schema.org\",\"@graph\":[{\"@type\":\"WebSite\",\"@id\":\"https:\/\/www.sjpack.com\/#website\",\"url\":\"https:\/\/www.sjpack.com\/\",\"name\":\"Emballage St-Jean\",\"description\":\"\",\"potentialAction\":[{\"@type\":\"SearchAction\",\"target\":\"https:\/\/www.sjpack.com\/?s={search_term_string}\",\"query-input\":\"required name=search_term_string\"}],\"inLanguage\":\"fr-CA\"},{\"@type\":\"ImageObject\",\"@id\":\"https:\/\/www.sjpack.com\/fr\/les-employes-mis-au-defi\/#primaryimage\",\"inLanguage\":\"fr-CA\",\"url\":\"https:\/\/www.sjpack.com\/wp-content\/uploads\/2020\/06\/IMG_20200521_160900-scaled.jpg\",\"width\":2560,\"height\":1300},{\"@type\":\"WebPage\",\"@id\":\"https:\/\/www.sjpack.com\/fr\/les-employes-mis-au-defi\/#webpage\",\"url\":\"https:\/\/www.sjpack.com\/fr\/les-employes-mis-au-defi\/\",\"name\":\"Les employ\\u00e9s mis au d\\u00e9fi! - Emballage St-Jean\",\"isPartOf\":{\"@id\":\"https:\/\/www.sjpack.com\/#website\"},\"primaryImageOfPage\":{\"@id\":\"https:\/\/www.sjpack.com\/fr\/les-employes-mis-au-defi\/#primaryimage\"},\"datePublished\":\"2020-06-11T19:52:07+00:00\",\"dateModified\":\"2020-06-11T19:52:36+00:00\",\"author\":{\"@id\":\"https:\/\/www.sjpack.com\/#\/schema\/person\/004dd2ffd0c299deeaed9e6a49bc050d\"},\"inLanguage\":\"fr-CA\",\"potentialAction\":[{\"@type\":\"ReadAction\",\"target\":[\"https:\/\/www.sjpack.com\/fr\/les-employes-mis-au-defi\/\"]}]},{\"@type\":\"Person\",\"@id\":\"https:\/\/www.sjpack.com\/#\/schema\/person\/004dd2ffd0c299deeaed9e6a49bc050d\",\"name\":\"Genevieve Remillard\",\"image\":{\"@type\":\"ImageObject\",\"@id\":\"https:\/\/www.sjpack.com\/#personlogo\",\"inLanguage\":\"fr-CA\",\"url\":\"https:\/\/secure.gravatar.com\/avatar\/7d0502d7cd8c7326427429652c350440?s=96&d=mm&r=g\",\"caption\":\"Genevieve Remillard\"}}]}<\/script>\n<!-- \/ Yoast SEO plugin. -->","_links":{"self":[{"href":"https:\/\/www.sjpack.com\/fr\/wp-json\/wp\/v2\/posts\/3048\/"}],"collection":[{"href":"https:\/\/www.sjpack.com\/fr\/wp-json\/wp\/v2\/posts\/"}],"about":[{"href":"https:\/\/www.sjpack.com\/fr\/wp-json\/wp\/v2\/types\/post\/"}],"author":[{"embeddable":true,"href":"https:\/\/www.sjpack.com\/fr\/wp-json\/wp\/v2\/users\/5\/"}],"replies":[{"embeddable":true,"href":"https:\/\/www.sjpack.com\/fr\/wp-json\/wp\/v2\/comments\/?post=3048"}],"version-history":[{"count":1,"href":"https:\/\/www.sjpack.com\/fr\/wp-json\/wp\/v2\/posts\/3048\/revisions\/"}],"predecessor-version":[{"id":3052,"href":"https:\/\/www.sjpack.com\/fr\/wp-json\/wp\/v2\/posts\/3048\/revisions\/3052\/"}],"wp:featuredmedia":[{"embeddable":true,"href":"https:\/\/www.sjpack.com\/fr\/wp-json\/wp\/v2\/media\/3049\/"}],"wp:attachment":[{"href":"https:\/\/www.sjpack.com\/fr\/wp-json\/wp\/v2\/media\/?parent=3048"}],"wp:term":[{"taxonomy":"category","embeddable":true,"href":"https:\/\/www.sjpack.com\/fr\/wp-json\/wp\/v2\/categories\/?post=3048"},{"taxonomy":"post_tag","embeddable":true,"href":"https:\/\/www.sjpack.com\/fr\/wp-json\/wp\/v2\/tags\/?post=3048"}],"curies":[{"name":"wp","href":"https:\/\/api.w.org\/{rel}","templated":true}]}}